{"id":4414,"date":"2020-08-21T12:52:37","date_gmt":"2020-08-21T10:52:37","guid":{"rendered":"https:\/\/www.belliesabroad.com\/?p=4414"},"modified":"2020-08-21T12:54:57","modified_gmt":"2020-08-21T10:54:57","slug":"viaggiando-nei-tempi-del-coronavirus","status":"publish","type":"post","link":"https:\/\/www.belliesabroad.com\/it\/viaggiando-nei-tempi-del-coronavirus\/","title":{"rendered":"Viaggiando nei Tempi del CoronaVirus"},"content":{"rendered":"<p>di <a href=\"https:\/\/www.belliesabroad.com\/it\/providers\/francesco-gesualdo\/\">Francesco Gesualdo<\/a>, pediatra<\/p>\n<p><span style=\"font-weight: 400;\">Ci tengo a ricordarvi un concetto che ritengo molto importante:\u00a0<\/span><\/p>\n<p><b>il rischio di COVID-19 \u00e8 ancora presente, ma \u00e8 governabile<\/b><span style=\"font-weight: 400;\">.\u00a0<\/span><\/p>\n<p><span style=\"font-weight: 400;\">Ho visto varie famiglie ancora un po\u2019 \u201cparalizzate\u201d dalla paura del contagio &#8211; alcuni stanno scegliendo di non muoversi e di evitare di incontrare altre persone. Molti altri invece sembrano vivere questo periodo come se il coronavirus fosse solo un lontano ricordo.\u00a0<\/span><\/p>\n<p><span style=\"font-weight: 400;\">Vi suggerisco invece di scegliere una strada di <\/span><b>attenzione e consapevolezza<\/b><span style=\"font-weight: 400;\">.\u00a0<\/span><\/p>\n<p><span style=\"font-weight: 400;\">A rischio di essere un po\u2019 ripetitivo, ecco nuovamente i consigli per vivere in sicurezza, tutelare chi ci sta intorno e continuare a governare il rischio: <\/span><\/p>\n<ul>\n<li style=\"font-weight: 400;\"><span style=\"font-weight: 400;\">Usare sempre la <\/span><b>mascherina<\/b><span style=\"font-weight: 400;\"> (soprattutto negli ambienti chiusi e comunque anche all\u2019aperto quando non si riesce a rispettare la distanza di sicurezza)<\/span><\/li>\n<li style=\"font-weight: 400;\"><span style=\"font-weight: 400;\">Rispettare la <\/span><b>distanza di sicurezza<\/b><span style=\"font-weight: 400;\"> (almeno un metro, possibilmente due)\u00a0<\/span><\/li>\n<li style=\"font-weight: 400;\"><b>Lavare molto spesso le mani <\/b><span style=\"font-weight: 400;\">con acqua e sapone o con liquidi a base di alcol.<\/span><\/li>\n<\/ul>\n<p><span style=\"font-weight: 400;\">Questa \u00e8 la classica triade, basata su solidi fondamenti scientifici. E\u2019 particolarmente importante rispettare queste regole soprattutto se siete in viaggio, e in particolare in luoghi affollati come aeroporti, stazioni, stabilimenti, alberghi.\u00a0<\/span><\/p>\n<p><span style=\"font-weight: 400;\">A questo, aggiungo qualche altra raccomandazione:<\/span><\/p>\n<ul>\n<li style=\"font-weight: 400;\"><span style=\"font-weight: 400;\">Cercate di incontrare le altre persone <\/span><i><span style=\"font-weight: 400;\">all\u2019aperto<\/span><\/i><span style=\"font-weight: 400;\">, finch\u00e9 il tempo ce lo consente<\/span><\/li>\n<li style=\"font-weight: 400;\"><span style=\"font-weight: 400;\">Evitate di dare la mano, abbracciare e baciare le persone che si incontrano (lo so, evitare questi gesti \u00e8 difficile e a volte pu\u00f2 essere un po\u2019 imbarazzante, ma \u00e8 la scelta pi\u00f9 sicura)<\/span><\/li>\n<li style=\"font-weight: 400;\"><span style=\"font-weight: 400;\">Scegliete poche famiglie con cui avere contatti anche frequenti invece di spendere il vostro tempo con tante persone diverse<\/span><\/li>\n<li style=\"font-weight: 400;\"><span style=\"font-weight: 400;\">Prendete l\u2019abitudine di non toccarvi occhi naso e bocca &#8211; e insegnatelo anche ai vostri figli, vedrete che impareranno presto!<\/span><\/li>\n<li style=\"font-weight: 400;\"><span style=\"font-weight: 400;\">Non uscite assolutamente di casa se avete raffreddore, febbre, mal di gola e tosse<\/span><\/li>\n<li style=\"font-weight: 400;\"><span style=\"font-weight: 400;\">Anche i bambini vanno rigorosamente isolati in caso abbiano uno di questi sintomi<\/span><\/li>\n<li style=\"font-weight: 400;\"><span style=\"font-weight: 400;\">Insistete perch\u00e9 le persone che avete di fronte indossino la mascherina. La mascherina serve a proteggere soprattutto gli altri (pi\u00f9 che noi stessi). Pertanto, avete tutto il diritto di pretendere che chi \u00e8 vicino a voi la indossi. Chiedetelo senza vergogna!<\/span><\/li>\n<li style=\"font-weight: 400;\"><span style=\"font-weight: 400;\">Scaricate la app Immuni (su Apple Store <\/span><a href=\"https:\/\/apps.apple.com\/it\/app\/immuni\/id1513940977\"><span style=\"font-weight: 400;\">https:\/\/apps.apple.com\/it\/app\/immuni\/id1513940977<\/span><\/a><span style=\"font-weight: 400;\"> o su Google Play https:\/\/play.google.com\/store\/apps\/details?id=it.ministerodellasalute.immuni&amp;hl=it), d\u00e0 la possibilit\u00e0 di sapere tempestivamente se si \u00e8 stati a contatto con una persona infetta, e garantisce che la privacy sia rigorosamente rispettata.\u00a0<\/span><\/li>\n<\/ul>\n<p><span style=\"font-weight: 400;\">Spero che questi consigli possano contribuire a rasserenarvi: la possibilit\u00e0 di ridurre il rischio di contagio \u00e8 ora tutta nelle nostre mani.\u00a0<\/span><\/p>\n<p><span style=\"font-weight: 400;\">Come alcuni di voi sanno, collaboro con la redazione di una rivista dell\u2019Ospedale Bambino Ges\u00f9 dedicata alle famiglie: A Scuola di Salute.\u00a0<\/span><\/p>\n<p><span style=\"font-weight: 400;\">Vi segnalo l\u2019ultimo numero, che \u00e8 dedicato proprio a questa strana \u201cestate del coronavirus\u201d.\u00a0<\/span><\/p>\n<p><span style=\"font-weight: 400;\">Potete leggerlo <a href=\"http:\/\/www.ospedalebambinogesu.it\/l-estate-del-coronavirus-il-nuovo-numero-di-a-scuola-di-salute#.XyqwRSgzaUk\">qui <\/a><\/span><span style=\"font-weight: 400;\">e <a href=\"http:\/\/www.ospedalebambinogesu.it\/l-estate-del-coronavirus-il-nuovo-numero-di-a-scuola-di-salute#.XyqwRSgzaUk\">qui.<\/a><\/span><\/p>\n<p><span style=\"font-weight: 400;\">Nella rivista troverete molti consigli utili su come vivere questa estate in sicurezza, sull\u2019uso corretto delle mascherine, sull\u2019uso della protezione solare, su come evitare i colpi di calore, sul nuoto e sulle passeggiate in montagna con i bambini.\u00a0<\/span><\/p>\n<p><span style=\"font-weight: 400;\">Purtroppo non \u00e8 ancora disponibile una traduzione della rivista in inglese, ma ci stiamo lavorando!\u00a0<\/span><\/p>\n<p>&nbsp;<\/p>\n<!--themify_builder_content-->\n<div id=\"themify_builder_content-4414\" data-postid=\"4414\" class=\"themify_builder_content themify_builder_content-4414 themify_builder tf_clear\">\n    <\/div>\n<!--\/themify_builder_content-->\n","protected":false},"excerpt":{"rendered":"<p>di Francesco Gesualdo, pediatra Ci tengo a ricordarvi un concetto che ritengo molto importante:\u00a0 il rischio di COVID-19 \u00e8 ancora presente, ma \u00e8 governabile.\u00a0 Ho visto varie famiglie ancora un po\u2019 \u201cparalizzate\u201d dalla paura del contagio &#8211; alcuni stanno scegliendo di non muoversi e di evitare di incontrare altre persone. Molti altri invece sembrano vivere [&hellip;]<\/p>\n","protected":false},"author":32,"featured_media":4415,"comment_status":"open","ping_status":"open","sticky":false,"template":"","format":"standard","meta":{"give_campaign_id":0,"nf_dc_page":"","_monsterinsights_skip_tracking":false,"_monsterinsights_sitenote_active":false,"_monsterinsights_sitenote_note":"","_monsterinsights_sitenote_category":0,"footnotes":""},"categories":[73],"tags":[274,279,178],"class_list":["post-4414","post","type-post","status-publish","format-standard","has-post-thumbnail","hentry","category-risorse","tag-blog-it","tag-blog-it-2","tag-vita-in-famiglia","has-post-title","has-post-date","has-post-category","has-post-tag","has-post-comment","has-post-author",""],"aioseo_notices":[],"_links":{"self":[{"href":"https:\/\/www.belliesabroad.com\/it\/wp-json\/wp\/v2\/posts\/4414","targetHints":{"allow":["GET"]}}],"collection":[{"href":"https:\/\/www.belliesabroad.com\/it\/wp-json\/wp\/v2\/posts"}],"about":[{"href":"https:\/\/www.belliesabroad.com\/it\/wp-json\/wp\/v2\/types\/post"}],"author":[{"embeddable":true,"href":"https:\/\/www.belliesabroad.com\/it\/wp-json\/wp\/v2\/users\/32"}],"replies":[{"embeddable":true,"href":"https:\/\/www.belliesabroad.com\/it\/wp-json\/wp\/v2\/comments?post=4414"}],"version-history":[{"count":3,"href":"https:\/\/www.belliesabroad.com\/it\/wp-json\/wp\/v2\/posts\/4414\/revisions"}],"predecessor-version":[{"id":4421,"href":"https:\/\/www.belliesabroad.com\/it\/wp-json\/wp\/v2\/posts\/4414\/revisions\/4421"}],"wp:featuredmedia":[{"embeddable":true,"href":"https:\/\/www.belliesabroad.com\/it\/wp-json\/wp\/v2\/media\/4415"}],"wp:attachment":[{"href":"https:\/\/www.belliesabroad.com\/it\/wp-json\/wp\/v2\/media?parent=4414"}],"wp:term":[{"taxonomy":"category","embeddable":true,"href":"https:\/\/www.belliesabroad.com\/it\/wp-json\/wp\/v2\/categories?post=4414"},{"taxonomy":"post_tag","embeddable":true,"href":"https:\/\/www.belliesabroad.com\/it\/wp-json\/wp\/v2\/tags?post=4414"}],"curies":[{"name":"wp","href":"https:\/\/api.w.org\/{rel}","templated":true}]}}