{"id":4446,"date":"2020-09-21T14:56:29","date_gmt":"2020-09-21T12:56:29","guid":{"rendered":"https:\/\/www.belliesabroad.com\/?p=4446"},"modified":"2020-09-21T14:58:27","modified_gmt":"2020-09-21T12:58:27","slug":"la-vaccinazione-contro-linfluenza-ai-tempi-del-coronavirus","status":"publish","type":"post","link":"https:\/\/www.belliesabroad.com\/it\/la-vaccinazione-contro-linfluenza-ai-tempi-del-coronavirus\/","title":{"rendered":"La Vaccinazione Contro l&#8217;Influenza ai Tempi del Coronavirus"},"content":{"rendered":"<p>di <a href=\"https:\/\/www.belliesabroad.com\/it\/providers\/francesco-gesualdo\/\">Francesco Gesualdo<\/a>, pediatra<\/p>\n<p><span style=\"font-weight: 400;\">\u00c8 tempo di ricominciare. Ci aspettano un autunno e un inverno impegnativi, ma abbiamo nelle nostre mani molti strumenti per affrontare i prossimi mesi riducendo al minimo i rischi e le difficolt\u00e0.\u00a0<\/span><\/p>\n<p><span style=\"font-weight: 400;\">Uno degli strumenti principali sar\u00e0 la vaccinazione antinfluenzale, che quest\u2019anno \u00e8 pi\u00f9 che mai importante. Ecco un po\u2019 di informazioni.<\/span><\/p>\n<ul>\n<li style=\"font-weight: 400;\"><span style=\"font-weight: 400;\">In attesa del vaccino contro il coronavirus, che ci auguriamo sar\u00e0 disponibile alla fine di quest\u2019anno o all\u2019inizio del prossimo, il vaccino contro l\u2019influenza aiuta a ridurre in generale la probabilit\u00e0 di ammalarsi. In altre parole, grazie al vaccino si pu\u00f2 ridurre il \u201ccarico di malattia\u201d con il quale ci confronteremo: da uno dei vari virus che circolano in questa stagione saremo protetti.\u00a0<\/span><\/li>\n<li style=\"font-weight: 400;\"><span style=\"font-weight: 400;\">Un \u201ceffetto collaterale\u201d del vaccino \u00e8 che il medico che valuta una persona malata, avr\u00e0 una malattia in meno da prendere in considerazione quando dovr\u00e0 capire se l\u2019infezione \u00e8 da coronavirus o da altri virus.<\/span><\/li>\n<li style=\"font-weight: 400;\"><span style=\"font-weight: 400;\">La Regione Lazio ha raccomandato la vaccinazione anche ai bambini di et\u00e0 compresa tra i 6 mesi e i 6 anni: sia per proteggerli direttamente, sia per proteggere indirettamente le persone pi\u00f9 anziane. Varie ricerche infatti ci hanno permesso di capire che riducendo la circolazione del virus influenzale nei bambini, anche gli anziani si ammalano di meno. Non sappiamo ancora se anche il vaccino contro il coronavirus avr\u00e0 questo effetto (al momento infatti non c\u2019\u00e8 ancora abbastanza chiarezza sul ruolo epidemiologico dei bambini e sulla loro capacit\u00e0 di trasmettere il virus).\u00a0<\/span><\/li>\n<li style=\"font-weight: 400;\"><span style=\"font-weight: 400;\">E\u2019 un vaccino con un\u2019efficacia non straordinaria, ma molto sicuro. Anche la febbre dopo la vaccinazione \u00e8 un evento poco frequente.\u00a0<\/span><\/li>\n<\/ul>\n<p><span style=\"font-weight: 400;\">Fino a pochi giorni fa non era chiaro se sarebbe stato possibile effettuare i vaccini privatamente, acquistandoli in farmacia &#8211; sembrava infatti che solo i pediatri di libera scelta, i medici di medicina generale e le ASL avrebbero avuto a disposizione i vaccini antinfluenzali per questa stagione.\u00a0<\/span><\/p>\n<p><span style=\"font-weight: 400;\">Da qualche giorno invece abbiamo capito con certezza che <\/span><b>le farmacie avranno a disposizione delle dosi di vaccino antinfluenzale (per il momento in quantit\u00e0 limitata)<\/b><span style=\"font-weight: 400;\">.\u00a0<\/span><\/p>\n<p><span style=\"font-weight: 400;\">Ancora non \u00e8 chiaro quando i vaccini saranno disponibili.\u00a0<\/span><\/p>\n<p><span style=\"font-weight: 400;\">Per chi \u00e8 raccomandato il vaccino?<\/span><\/p>\n<p><span style=\"font-weight: 400;\">Il vaccino antinfluenzale, in vari paesi del mondo, tra cui gli Stati Uniti, \u00e8 raccomandato a tutta la popolazione.\u00a0<\/span><\/p>\n<p><span style=\"font-weight: 400;\">In Italia &#8211; e, pi\u00f9 specificamente, nella Regione Lazio &#8211; \u00e8 raccomandato invece in categorie specifiche, in particolare:<\/span><\/p>\n<ul>\n<li style=\"font-weight: 400;\"><span style=\"font-weight: 400;\">bambini tra i 6 mesi e i 6 anni<\/span><\/li>\n<li style=\"font-weight: 400;\"><span style=\"font-weight: 400;\">bambini e adulti con una patologia cronica<\/span><\/li>\n<li style=\"font-weight: 400;\"><span style=\"font-weight: 400;\">persone di et\u00e0 superiore ai 65 anni\u00a0<\/span><\/li>\n<li style=\"font-weight: 400;\"><span style=\"font-weight: 400;\">donne in gravidanza<\/span><\/li>\n<li style=\"font-weight: 400;\"><span style=\"font-weight: 400;\">operatori sanitari\u00a0<\/span><\/li>\n<li style=\"font-weight: 400;\"><span style=\"font-weight: 400;\">vigili del fuoco e forze di polizia<\/span><\/li>\n<li style=\"font-weight: 400;\"><span style=\"font-weight: 400;\">familiari di bambini di et\u00e0 inferiore a 6 anni\u00a0<\/span><\/li>\n<\/ul>\n<p><span style=\"font-weight: 400;\">Indipendentemente dalla categoria, tutte le persone possono ricevere il vaccino se lo vogliono. Solo i bambini sotto i 6 mesi non possono assumerlo.\u00a0<\/span><\/p>\n<p><span style=\"font-weight: 400;\">Le persone che appartengono alle categorie elencate qui sopra hanno diritto di essere vaccinate gratuitamente dal proprio pediatra di famiglia, dal proprio medico di medicina generale o alla ASL. Molte aziende somministrano il vaccino gratuitamente ai propri dipendenti.<\/span><\/p>\n<p><span style=\"font-weight: 400;\">\u00a0<\/span><span style=\"font-weight: 400;\">Per chi volesse invece fare il vaccino privatamente, non appena il vaccino sar\u00e0 disponibile il Dott, <a href=\"https:\/\/www.belliesabroad.com\/it\/providers\/francesco-gesualdo\/\">Gesualdo<\/a>, la <a href=\"https:\/\/www.belliesabroad.com\/it\/providers\/elisa-antonielli\/\">Dott.ssa Antonielli<\/a> e il <a href=\"https:\/\/www.belliesabroad.com\/it\/providers\/giuseppe-dambrosio-2\/\">Dott. D&#8217;Ambrosio<\/a> \u00a0offriranno questo servizio nei loro studi. Vi ricorda che il vaccino va conservato in frigorifero e trasportato in una busta termica.\u00a0<\/span><\/p>\n<p><b>In attesa che il vaccino sia in commercio, vi consiglio di prenotare il Vaxigrip Tetra nella vostra farmacia di fiducia, il prima possibile. Non sappiamo quante dosi saranno disponibili in farmacia, quindi \u00e8 bene muoversi in tempo utile.\u00a0<\/b><\/p>\n<p><b>I bambini sotto i 9 anni di et\u00e0 che fanno il vaccino per la prima volta hanno bisogno di due dosi. In questo caso, vi consiglio di prenotarne direttamente due.\u00a0<\/b><\/p>\n<p><b>Ricordatevi che i bambini sotto i 6 mesi di et\u00e0 non possono fare il vaccino.\u00a0<\/b><\/p>\n<p>&nbsp;<\/p>\n<!--themify_builder_content-->\n<div id=\"themify_builder_content-4446\" data-postid=\"4446\" class=\"themify_builder_content themify_builder_content-4446 themify_builder tf_clear\">\n    <\/div>\n<!--\/themify_builder_content-->\n","protected":false},"excerpt":{"rendered":"<p>di Francesco Gesualdo, pediatra \u00c8 tempo di ricominciare. Ci aspettano un autunno e un inverno impegnativi, ma abbiamo nelle nostre mani molti strumenti per affrontare i prossimi mesi riducendo al minimo i rischi e le difficolt\u00e0.\u00a0 Uno degli strumenti principali sar\u00e0 la vaccinazione antinfluenzale, che quest\u2019anno \u00e8 pi\u00f9 che mai importante. Ecco un po\u2019 di [&hellip;]<\/p>\n","protected":false},"author":3,"featured_media":4441,"comment_status":"open","ping_status":"open","sticky":false,"template":"","format":"standard","meta":{"give_campaign_id":0,"nf_dc_page":"","_monsterinsights_skip_tracking":false,"_monsterinsights_sitenote_active":false,"_monsterinsights_sitenote_note":"","_monsterinsights_sitenote_category":0,"footnotes":""},"categories":[73],"tags":[279,177],"class_list":["post-4446","post","type-post","status-publish","format-standard","has-post-thumbnail","hentry","category-risorse","tag-blog-it-2","tag-salute","has-post-title","has-post-date","has-post-category","has-post-tag","has-post-comment","has-post-author",""],"aioseo_notices":[],"_links":{"self":[{"href":"https:\/\/www.belliesabroad.com\/it\/wp-json\/wp\/v2\/posts\/4446","targetHints":{"allow":["GET"]}}],"collection":[{"href":"https:\/\/www.belliesabroad.com\/it\/wp-json\/wp\/v2\/posts"}],"about":[{"href":"https:\/\/www.belliesabroad.com\/it\/wp-json\/wp\/v2\/types\/post"}],"author":[{"embeddable":true,"href":"https:\/\/www.belliesabroad.com\/it\/wp-json\/wp\/v2\/users\/3"}],"replies":[{"embeddable":true,"href":"https:\/\/www.belliesabroad.com\/it\/wp-json\/wp\/v2\/comments?post=4446"}],"version-history":[{"count":4,"href":"https:\/\/www.belliesabroad.com\/it\/wp-json\/wp\/v2\/posts\/4446\/revisions"}],"predecessor-version":[{"id":4454,"href":"https:\/\/www.belliesabroad.com\/it\/wp-json\/wp\/v2\/posts\/4446\/revisions\/4454"}],"wp:featuredmedia":[{"embeddable":true,"href":"https:\/\/www.belliesabroad.com\/it\/wp-json\/wp\/v2\/media\/4441"}],"wp:attachment":[{"href":"https:\/\/www.belliesabroad.com\/it\/wp-json\/wp\/v2\/media?parent=4446"}],"wp:term":[{"taxonomy":"category","embeddable":true,"href":"https:\/\/www.belliesabroad.com\/it\/wp-json\/wp\/v2\/categories?post=4446"},{"taxonomy":"post_tag","embeddable":true,"href":"https:\/\/www.belliesabroad.com\/it\/wp-json\/wp\/v2\/tags?post=4446"}],"curies":[{"name":"wp","href":"https:\/\/api.w.org\/{rel}","templated":true}]}}